{"id":339,"date":"2014-04-24T14:44:13","date_gmt":"2014-04-24T13:44:13","guid":{"rendered":"http:\/\/donitra.webson.cz\/?p=339"},"modified":"2025-09-10T22:17:40","modified_gmt":"2025-09-10T21:17:40","slug":"pronajem-strediska","status":"publish","type":"post","link":"https:\/\/www.donitra.cz\/en\/pronajem-strediska\/","title":{"rendered":"Pron\u00e1jem st\u0159ediska"},"content":{"rendered":"<p>V dob\u011b, kdy nem\u00e1me na st\u0159edisku kurzy v\u00a0na\u0161\u00ed re\u017eii pronaj\u00edm\u00e1me prostory a\u00a0ubytovac\u00ed kapacitu dal\u0161\u00edm organizac\u00edm, \u010di skupin\u00e1m n\u00e1v\u0161t\u011bvn\u00edk\u016f. Provoz domu je samoobslu\u017en\u00fd a\u00a0pln\u011b ve spr\u00e1v\u011b jeho u\u017eivatel\u016f (slu\u017eebnictvo nechov\u00e1me). Objekt p\u0159eb\u00edr\u00e1 a\u00a0posl\u00e9ze navrac\u00ed majitel\u016fm ur\u010den\u00fd \u0161af\u00e1\u0159, kter\u00fd zastupuje skupinu n\u00e1v\u0161t\u011bvn\u00edk\u016f. Z\u00e1kladn\u00edm p\u0159edpokladem je vr\u00e1tit objekt minim\u00e1ln\u011b ve stejn\u00e9m stavu, respekt k\u00a0za\u0159\u00edzen\u00ed domu a\u00a0nenaru\u0161ov\u00e1n\u00ed sou\u017eit\u00ed s\u00a0obc\u00ed. Ve stodole s\u00a0kapacitou 18 a\u017e 24 osob je mal\u00e1 kuchy\u0148ka. V\u00a0hlavn\u00ed budov\u011b je kuchyn\u011b velk\u00e1. Ob\u011b jsou vybaven\u00e9 &#8220;b\u00edl\u00fdm i\u00a0\u010dern\u00fdm&#8221; n\u00e1dob\u00edm v\u00a0dostate\u010dn\u00e9m mno\u017estv\u00ed. Prozkoumejte kalend\u00e1\u0159 akc\u00ed. M\u011blo by z n\u011bj b\u00fdt jasn\u00e9, je-li v k\u00fd\u017een\u00e9m term\u00ednu volno.\u00a0<b>CENA PRON\u00c1JMU:<\/b>\u00a0<b>nocle\u017en\u00e9:<\/b>\u00a0150 K\u010d\/noc\u00a0<b>stravn\u00e9:<\/b>\u00a0250 K\u010d\/den (v\u00edkendy\u00a0jsou 2\u00a0pln\u00e9 dny)<b><\/b>Chmelov\u00fd statek le\u017e\u00ed v\u00a0pom\u011brn\u011b hlubok\u00e9m \u00fadol\u00ed, kter\u00e9 se t\u00e1hne rovnob\u011b\u017en\u011b s\u00a0hlavn\u00ed silnic\u00ed z\u00a0jihu na sever. \u00dadol\u00ed je otev\u0159eno k\u00a0jihu, ale jeho stoupaj\u00edc\u00ed dno a\u017e k\u00a0Osinalick\u00e9mu sedlu zp\u016fsobuje lok\u00e1ln\u011b chladn\u011bj\u0161\u00ed klima. Statek s\u00e1m byl vybudov\u00e1n v\u00a0pr\u016fb\u011bhu patn\u00e1ct\u00e9ho a\u00a0\u0161estn\u00e1ct\u00e9ho stolet\u00ed n\u011bmeck\u00fdmi kolonisty z\u00a0rekatolick\u00e9ho os\u00eddlov\u00e1n\u00ed po B\u00edl\u00e9 ho\u0159e. Posledn\u00ed zaznamenan\u00e1 klasicistn\u00ed p\u0159estavba je z\u00a0roku 1875 (datum ve \u0161t\u00edt\u011b). Na okoln\u00edch str\u00e1n\u00edch se po stalet\u00ed p\u011bstoval pov\u011bstn\u00fd dubsk\u00fd chmel (mimo\u0159\u00e1dn\u011b ho\u0159k\u00e9 chuti), kter\u00fd se m\u00edchal se chmelem \u017eateck\u00fdm. Po n\u00e1r\u016fstu mno\u017estv\u00ed chmelnic na \u017datecku se p\u011bstov\u00e1n\u00ed dubsk\u00e9ho chmele dostalo do krize a\u00a0okoln\u00ed terasovit\u00e9 str\u00e1n\u011b byly p\u0159em\u011bn\u011bny na vinice a\u00a0pastviny. Okoln\u00ed krajina byla p\u00edl\u00ed n\u011bmeck\u00fdch kolonist\u016f kvetouc\u00edmi sady, loukami s\u00a0ob\u010dasn\u00fdmi rem\u00edzky a\u00a0v m\u00edst\u011b skaln\u00edch v\u00fdchoz\u016f v\u011bt\u0161\u00edmi bukov\u00fdmi hvozdy. Po 2. sv. v\u00e1lce byli v\u0161ichni N\u011bmci z\u00a0Koko\u0159\u00ednska vyhn\u00e1ni a\u00a0krajina se postupn\u011b prom\u011bnila v\u00a0divo\u010dinu. D\u0159\u00edve bohat\u00e9 statky, kter\u00e9 \u017eivily stovky vesni\u010dan\u016f, se prom\u011bnily bu\u010f v\u00a0ruiny, nebo v\u00a0rekrea\u010dn\u00ed chalupy. \u010cesk\u00fd \u017eivel nebyl s\u00a0to do dne\u0161n\u00edch dn\u016f tuto &#8220;r\u00e1nu&#8221; v\u00a0krajin\u011b zacelit. Terasovit\u00e1 pole a\u00a0louky udr\u017eovan\u00e9 po stalet\u00ed zarostly n\u00e1letem k\u0159ovin a\u00a0borov\u00fdch les\u016f. N\u00e1\u0161 statek byl po v\u00e1lce ubytovnou pro d\u011bln\u00edky z\u00a0m\u00edstn\u00ed h\u0159\u00edb\u00e1rny. V\u00a0\u0161edes\u00e1t\u00fdch letech se stal s\u00eddlem Mysliveck\u00e9ho spolku Ost\u0159\u00ed\u017e, kter\u00fd se &#8220;odbornou&#8221; h\u0159eb\u00edkovou a plastovou &#8220;p\u00e9\u010d\u00ed&#8221; v\u00a0soudru\u017esk\u00e9m duchu postaral o\u00a0pokra\u010duj\u00edc\u00ed zk\u00e1zu. Do st\u0159ech za\u010dalo zat\u00e9kat, nejv\u011bt\u0161\u00ed stodola &#8220;sama&#8221; spadla, a\u00a0tak nastal \u010das poohl\u00e9dnout se po n\u011bjak\u00e9m m\u00e9n\u011b vybydlen\u00e9m bydle. V\u00a0roce 2003, kdy jsme statek kupovali, vypadal jak z\u00a0Bezinkov\u00e9 a\u00a0Kop\u0159ivov\u00e9 R\u016f\u017eenky. Zarostl\u00fd byl do v\u00fd\u0161e prvn\u00edch pater, bez studny s\u00a0odpojenou elekt\u0159inou, d\u011brav\u00fdmi st\u0159echami, naru\u0161enou statikou a\u00a0v\u011btvemi tlukouc\u00edmi do oken v \u017eelezn\u00fdch r\u00e1mech. Z\u00e1chrann\u00e9 pr\u00e1ce zapo\u010daly v\u00a0minut\u011b dvan\u00e1ct\u00e9. Poda\u0159ilo se zachr\u00e1nit p\u016fvodn\u00ed chlebovou pec, obnovit dispozice vnit\u0159n\u00edho \u010dlen\u011bn\u00ed, v\u00fdb\u011brem a\u00a0p\u0159elo\u017een\u00edm zachr\u00e1nit \u010d\u00e1ste\u010dn\u011b i\u00a0podlahy v\u00a0prvn\u00edm pat\u0159e. V\u0161e ostatn\u00ed jsme museli postupn\u011b vym\u011bnit. V\u00a0cel\u00e9 budov\u011b jsme z\u0159\u00eddili \u0159\u00edmsk\u00e9 odv\u011btr\u00e1n\u00ed podlah kv\u016fli vlhkosti a\u00a0p\u0159\u00edpadn\u00e9mu radonu. Jedna stodola je cel\u00e1 v\u00a0nov\u00e9m a\u00a0jsou vym\u011bn\u011bn\u00e9 st\u0159echy na dal\u0161\u00edch dvou budov\u00e1ch. V leto\u0161n\u00edm roce jdeme po deseti letech do fin\u00e1le. \u010cek\u00e1 n\u00e1s vybudovat samoobslu\u017enou kuchyni s\u00a0j\u00eddelnou, novou soci\u00e1lku v\u00a0p\u0159\u00edzem\u00ed hlavn\u00ed budovy a\u00a0s\u00e1l v\u00a0prvn\u00edm pat\u0159e. T\u00edm budeme v\u00a0hrub\u00fdch rysech s\u00a0rekonstrukc\u00ed hotovi.\u00a0Letos je\u0161t\u011b pl\u00e1nujeme dostav\u011bt ov\u010d\u00edn a\u00a0d\u0159evn\u00edk, tak uvid\u00edme, jak to p\u016fjde. Dnes je na statku ubytov\u00e1n\u00ed pro kurzy a\u00a0n\u00e1v\u0161t\u011bvn\u00edky v\u00a0jednoduch\u00fdch podm\u00ednk\u00e1ch vesnick\u00e9 chalupy s\u00a0vyt\u00e1p\u011bn\u00edm kamny na d\u0159evo s\u00a0rozvodem tepla do pokoj\u016f a\u00a0dv\u011bma soci\u00e1lkami s\u00a0teplou vodou. Sp\u00ed se ve vlastn\u00edch spac\u00e1c\u00edch. V dob\u011b, kdy nem\u00e1me na st\u0159edisku kurzy v\u00a0na\u0161\u00ed re\u017eii pronaj\u00edm\u00e1me prostory a\u00a0ubytovac\u00ed kapacitu dal\u0161\u00edm organizac\u00edm, \u010di skupin\u00e1m n\u00e1v\u0161t\u011bvn\u00edk\u016f. Provoz domu je samoobslu\u017en\u00fd a\u00a0pln\u011b ve spr\u00e1v\u011b jeho u\u017eivatel\u016f (slu\u017eebnictvo nechov\u00e1me). Objekt p\u0159eb\u00edr\u00e1 a\u00a0posl\u00e9ze navrac\u00ed majitel\u016fm ur\u010den\u00fd \u0161af\u00e1\u0159, kter\u00fd zastupuje skupinu n\u00e1v\u0161t\u011bvn\u00edk\u016f. Z\u00e1kladn\u00edm p\u0159edpokladem je vr\u00e1tit objekt ve stejn\u00e9m \u010di lep\u0161\u00edm stavu, respekt k\u00a0za\u0159\u00edzen\u00ed domu a\u00a0nenaru\u0161ov\u00e1n\u00ed sou\u017eit\u00ed s\u00a0obc\u00ed. Ve stodole s\u00a0kapacitou 18 a\u017e 24 osob je mal\u00e1 kuchy\u0148ka. V\u00a0hlavn\u00ed budov\u011b je kuchyn\u011b velk\u00e1. Ob\u011b jsou vybaven\u00e9 &#8220;b\u00edl\u00fdm i\u00a0\u010dern\u00fdm&#8221; n\u00e1dob\u00edm v\u00a0dostate\u010dn\u00e9m mno\u017estv\u00ed. Prozkoumejte kalend\u00e1\u0159 akc\u00ed. M\u011blo by z n\u011bj b\u00fdt jasn\u00e9, je-li v k\u00fd\u017een\u00e9m term\u00ednu volno.\u00a0<b>CENA PRON\u00c1JMU:<\/b>\u00a0<b>nocle\u017en\u00e9:<\/b>\u00a0150 K\u010d\/noc\u00a0<b>stravn\u00e9:<\/b>\u00a0250 K\u010d\/den (v\u00edkendy\u00a0jsou 2\u00a0pln\u00e9 dny)<\/p>\n<p><\/p>","protected":false},"excerpt":{"rendered":"<p>V dob\u011b, kdy nem\u00e1me na st\u0159edisku kurzy v\u00a0na\u0161\u00ed re\u017eii pronaj\u00edm\u00e1me prostory a\u00a0ubytovac\u00ed kapacitu dal\u0161\u00edm organizac\u00edm, \u010di skupin\u00e1m n\u00e1v\u0161t\u011bvn\u00edk\u016f. Provoz domu je samoobslu\u017en\u00fd a\u00a0pln\u011b ve spr\u00e1v\u011b jeho u\u017eivatel\u016f (slu\u017eebnictvo nechov\u00e1me). Objekt p\u0159eb\u00edr\u00e1 a\u00a0posl\u00e9ze navrac\u00ed majitel\u016fm ur\u010den\u00fd \u0161af\u00e1\u0159, kter\u00fd zastupuje skupinu n\u00e1v\u0161t\u011bvn\u00edk\u016f.<span class=\"ellipsis\">&hellip;<\/span><\/p>\n<div class=\"read-more\"><a href=\"https:\/\/www.donitra.cz\/en\/pronajem-strediska\/\">Read more &#8250;<\/a><\/div>\n<p><!-- end of .read-more --><\/p>\n","protected":false},"author":3,"featured_media":379,"comment_status":"closed","ping_status":"open","sticky":false,"template":"","format":"standard","meta":{"footnotes":""},"categories":[4],"tags":[],"_links":{"self":[{"href":"https:\/\/www.donitra.cz\/en\/wp-json\/wp\/v2\/posts\/339"}],"collection":[{"href":"https:\/\/www.donitra.cz\/en\/wp-json\/wp\/v2\/posts"}],"about":[{"href":"https:\/\/www.donitra.cz\/en\/wp-json\/wp\/v2\/types\/post"}],"author":[{"embeddable":true,"href":"https:\/\/www.donitra.cz\/en\/wp-json\/wp\/v2\/users\/3"}],"replies":[{"embeddable":true,"href":"https:\/\/www.donitra.cz\/en\/wp-json\/wp\/v2\/comments?post=339"}],"version-history":[{"count":21,"href":"https:\/\/www.donitra.cz\/en\/wp-json\/wp\/v2\/posts\/339\/revisions"}],"predecessor-version":[{"id":1286,"href":"https:\/\/www.donitra.cz\/en\/wp-json\/wp\/v2\/posts\/339\/revisions\/1286"}],"wp:featuredmedia":[{"embeddable":true,"href":"https:\/\/www.donitra.cz\/en\/wp-json\/wp\/v2\/media\/379"}],"wp:attachment":[{"href":"https:\/\/www.donitra.cz\/en\/wp-json\/wp\/v2\/media?parent=339"}],"wp:term":[{"taxonomy":"category","embeddable":true,"href":"https:\/\/www.donitra.cz\/en\/wp-json\/wp\/v2\/categories?post=339"},{"taxonomy":"post_tag","embeddable":true,"href":"https:\/\/www.donitra.cz\/en\/wp-json\/wp\/v2\/tags?post=339"}],"curies":[{"name":"wp","href":"https:\/\/api.w.org\/{rel}","templated":true}]}}